{"id":2780,"date":"2023-05-18T15:25:34","date_gmt":"2023-05-18T13:25:34","guid":{"rendered":"https:\/\/www.visitepalaisdemonaco.com\/?p=2780"},"modified":"2023-08-23T19:11:35","modified_gmt":"2023-08-23T17:11:35","slug":"140-enfants-sur-la-place-du-palais-pour-assister-a-la-releve-de-la-garde","status":"publish","type":"post","link":"https:\/\/www.visitepalaisdemonaco.com\/en\/140-enfants-sur-la-place-du-palais-pour-assister-a-la-releve-de-la-garde\/","title":{"rendered":"140 children on Palace Square to watch the Changing of the Guard."},"content":{"rendered":"<div class=\"wpb-content-wrapper\"><div class=\"vc_row wpb_row vc_row-fluid\" ><div class=\"wpb_column vc_column_container vc_col-sm-12\"><div class=\"vc_column-inner\"><div class=\"wpb_wrapper\">\n\t<div class=\"wpb_text_column wpb_content_element\" >\n\t\t<div class=\"wpb_wrapper\">\n\t\t\t<p>Unprecedented gathering, Sunday, 7 May, in the Palace Square: nearly 140 children were able to watch the Changing of the Guard at precisely 11:55 am.<\/p>\n<p>The Louis Carl\u00e9simo association, which supports sick children and their families in their fight against illness through entertainment, had brought around forty young people to give them a memorable experience in the daily lives of the Carabinieri of H.S.H. the Prince.<br \/>\nBy chance of the calendar, another association, Les K\u00e9pis Pascalunes, which assists orphans and widows of the French National Gendarmerie, was also present with numerous children. During this weekend, the association was indeed hosting in Fr\u00e9jus, then in Monaco, nearly a hundred children aged 6 to 14 as part of the solidarity project \u00abDu Bleu Dans Les Yeux\u00bb.<\/p>\n<p>After the Changing of the Guard, a period for the young visitors to chat with the Carabiniers and a photo session in front of the Princely Palace brought this late morning to a close.<\/p>\n\n\t\t<\/div>\n\t<\/div>\n<div class=\"vc_empty_space\"   style=\"height: 11px\"><span class=\"vc_empty_space_inner\"><\/span><\/div><\/div><\/div><\/div><\/div>\n<\/div>","protected":false},"excerpt":{"rendered":"Rassemblement in\u00e9dit, dimanche 7 mai, place du Palais : pr\u00e8s de 140 enfants ont pu assister \u00e0 la Rel\u00e8ve de la Garde \u00e0 11h55 pr\u00e9cises. L\u2019association Louis Carl\u00e9simo, qui accompagne les enfants malades et leurs familles dans leur combat contre [...]","protected":false},"author":2,"featured_media":2781,"comment_status":"closed","ping_status":"closed","sticky":false,"template":"","format":"gallery","meta":{"inline_featured_image":false,"footnotes":""},"categories":[23,1],"tags":[],"class_list":["post-2780","post","type-post","status-publish","format-gallery","has-post-thumbnail","hentry","category-les-visites-du-palais-princier","category-palais-de-monaco","post_format-post-format-gallery"],"_links":{"self":[{"href":"https:\/\/www.visitepalaisdemonaco.com\/en\/wp-json\/wp\/v2\/posts\/2780","targetHints":{"allow":["GET"]}}],"collection":[{"href":"https:\/\/www.visitepalaisdemonaco.com\/en\/wp-json\/wp\/v2\/posts"}],"about":[{"href":"https:\/\/www.visitepalaisdemonaco.com\/en\/wp-json\/wp\/v2\/types\/post"}],"author":[{"embeddable":true,"href":"https:\/\/www.visitepalaisdemonaco.com\/en\/wp-json\/wp\/v2\/users\/2"}],"replies":[{"embeddable":true,"href":"https:\/\/www.visitepalaisdemonaco.com\/en\/wp-json\/wp\/v2\/comments?post=2780"}],"version-history":[{"count":2,"href":"https:\/\/www.visitepalaisdemonaco.com\/en\/wp-json\/wp\/v2\/posts\/2780\/revisions"}],"predecessor-version":[{"id":2784,"href":"https:\/\/www.visitepalaisdemonaco.com\/en\/wp-json\/wp\/v2\/posts\/2780\/revisions\/2784"}],"wp:featuredmedia":[{"embeddable":true,"href":"https:\/\/www.visitepalaisdemonaco.com\/en\/wp-json\/wp\/v2\/media\/2781"}],"wp:attachment":[{"href":"https:\/\/www.visitepalaisdemonaco.com\/en\/wp-json\/wp\/v2\/media?parent=2780"}],"wp:term":[{"taxonomy":"category","embeddable":true,"href":"https:\/\/www.visitepalaisdemonaco.com\/en\/wp-json\/wp\/v2\/categories?post=2780"},{"taxonomy":"post_tag","embeddable":true,"href":"https:\/\/www.visitepalaisdemonaco.com\/en\/wp-json\/wp\/v2\/tags?post=2780"}],"curies":[{"name":"wp","href":"https:\/\/api.w.org\/{rel}","templated":true}]}}